{"id":1378,"date":"2013-12-23T21:02:25","date_gmt":"2013-12-23T21:02:25","guid":{"rendered":"http:\/\/photoposter.de\/?p=1378"},"modified":"2016-01-11T23:55:17","modified_gmt":"2016-01-11T23:55:17","slug":"fast-wie-im-fruehling","status":"publish","type":"post","link":"https:\/\/photoposter.de\/?p=1378","title":{"rendered":"fast wie im Fr\u00fchling&#8230;"},"content":{"rendered":"<p><a href=\"http:\/\/photoposter.de\/wp-content\/uploads\/2013\/12\/poster03.jpg\"><img loading=\"lazy\" decoding=\"async\" class=\"alignleft size-medium wp-image-1381\" src=\"http:\/\/photoposter.de\/wp-content\/uploads\/2013\/12\/poster03-300x240.jpg\" alt=\"poster03\" width=\"300\" height=\"240\" srcset=\"https:\/\/photoposter.de\/wp-content\/uploads\/2013\/12\/poster03-300x240.jpg 300w, https:\/\/photoposter.de\/wp-content\/uploads\/2013\/12\/poster03-768x614.jpg 768w, https:\/\/photoposter.de\/wp-content\/uploads\/2013\/12\/poster03.jpg 800w\" sizes=\"auto, (max-width: 300px) 100vw, 300px\" \/><\/a>&#8230;ist es im Rheinland am 24.12.2013, von Schnee und Eis keine Spur und das ist f\u00fcr mich wesentlich angenehmer als klirrendes Frostbeulen &#8211; Wetter, aber der offizielle Winter hat gerade erst begonnen;-) Vielleicht markiert der st\u00fcrmische Klima Wandel auch allzu deutlich einen Wandel der Zeit, dass nichts mehr so ist wie es fr\u00fcher einmal war. Bei den milden Temperaturen und wegen des aggressiven Vorweihnachtsrummels bin ich schon eher geneigt, meine Stechpalme mit Lametta und Weihnachtskugeln zu schm\u00fccken;-)<\/p>\n<p>&nbsp;<\/p>\n<p>Die Festtage sind auch dazu da, sich auf Altbew\u00e4hrtes zu besinnen und die richtigen Weichen f\u00fcr die Zukunft zu stellen. In diesem Sinne w\u00fcnsche ich den Lesern und Blogbesuchern aus \u00dcbersee eine entschleunigte Weichnachtszeit und ein gutes Jahr 2014!<\/p>\n<p><strong>Merry Christmas and a Happy New Year.<\/strong><\/p>\n","protected":false},"excerpt":{"rendered":"<p>&#8230;ist es im Rheinland am 24.12.2013, von Schnee und Eis keine Spur und das ist f\u00fcr mich wesentlich angenehmer als klirrendes Frostbeulen &#8211; Wetter, aber der offizielle Winter hat gerade erst begonnen;-) Vielleicht markiert der st\u00fcrmische Klima Wandel auch allzu deutlich einen Wandel der Zeit, dass nichts mehr so ist<span class=\"more-button\"><a href=\"https:\/\/photoposter.de\/?p=1378\" class=\"more-link\">zum artikel -&gt;<span class=\"screen-reader-text\">fast wie im Fr\u00fchling&#8230;<\/span><\/a><\/a><\/p>\n","protected":false},"author":1,"featured_media":1381,"comment_status":"open","ping_status":"open","sticky":false,"template":"","format":"standard","meta":{"footnotes":""},"categories":[4],"tags":[41],"class_list":["post-1378","post","type-post","status-publish","format-standard","has-post-thumbnail","hentry","category-magazin","tag-fotografie"],"_links":{"self":[{"href":"https:\/\/photoposter.de\/index.php?rest_route=\/wp\/v2\/posts\/1378","targetHints":{"allow":["GET"]}}],"collection":[{"href":"https:\/\/photoposter.de\/index.php?rest_route=\/wp\/v2\/posts"}],"about":[{"href":"https:\/\/photoposter.de\/index.php?rest_route=\/wp\/v2\/types\/post"}],"author":[{"embeddable":true,"href":"https:\/\/photoposter.de\/index.php?rest_route=\/wp\/v2\/users\/1"}],"replies":[{"embeddable":true,"href":"https:\/\/photoposter.de\/index.php?rest_route=%2Fwp%2Fv2%2Fcomments&post=1378"}],"version-history":[{"count":0,"href":"https:\/\/photoposter.de\/index.php?rest_route=\/wp\/v2\/posts\/1378\/revisions"}],"wp:featuredmedia":[{"embeddable":true,"href":"https:\/\/photoposter.de\/index.php?rest_route=\/wp\/v2\/media\/1381"}],"wp:attachment":[{"href":"https:\/\/photoposter.de\/index.php?rest_route=%2Fwp%2Fv2%2Fmedia&parent=1378"}],"wp:term":[{"taxonomy":"category","embeddable":true,"href":"https:\/\/photoposter.de\/index.php?rest_route=%2Fwp%2Fv2%2Fcategories&post=1378"},{"taxonomy":"post_tag","embeddable":true,"href":"https:\/\/photoposter.de\/index.php?rest_route=%2Fwp%2Fv2%2Ftags&post=1378"}],"curies":[{"name":"wp","href":"https:\/\/api.w.org\/{rel}","templated":true}]}}