{"id":2789,"date":"2016-01-08T01:18:38","date_gmt":"2016-01-08T01:18:38","guid":{"rendered":"http:\/\/photoposter.de\/?p=2789"},"modified":"2016-07-29T16:48:56","modified_gmt":"2016-07-29T16:48:56","slug":"krawalle-zum-jahreswechsel-in-koeln","status":"publish","type":"post","link":"https:\/\/photoposter.de\/?p=2789","title":{"rendered":"Krawalle zum Jahreswechsel in K\u00f6ln!"},"content":{"rendered":"<p>die Metropole am Rhein wurde in der Sylvesternacht zum Tatort schwerer Krawalle und hat nun katapultartig die Welt\u00f6ffentlichkeit aufgeschreckt! Zuvor nie gekannte Ausschreitungen am K\u00f6lner Hauptbahnhof, wo hemmungslose, sexuelle N\u00f6tigung zum Jahreswechsel die aktuellen Schlagzeilen der allgemeinen Presse sind. Wegen des wachsenden Unmutes in der Bev\u00f6lkerung sah sich die Medien-Ikone am Rhein, der Westdeutsche Rundfunk,\u00a0 den Maulkorbzwang zu lockern, um seinem Auftrag als &#8222;staatsferner&#8220; \u00f6ffentlich-rechtlicher Grundversorger gerecht zu werden, um nicht v\u00f6llig die Glaubw\u00fcrdigkeit zu verlieren.<\/p>\n<p>immerhin geizt mittlerweile der RTL Ableger n-tv nicht mit handfesten Vorw\u00fcrfen gegen den Maulkorbfilz aus K\u00f6ln und D\u00fcsseldorf<\/p>\n<p><span style=\"color: #ff0000;\"><strong><a style=\"color: #ff0000;\" href=\"http:\/\/www.n-tv.de\/politik\/Koelner-Polizisten-widersprechen-ihren-Chefs-article16719446.html\">Einsatzbeamte auf verlorenem Posten n-tv<\/a><\/strong><\/span><\/p>\n<p>in Anbetracht der vergebenden Maulkorb-Hierachie ergibt sich die Frage der Hauptverantwortung f\u00fcr das Einsatz-Desaster der K\u00f6lner Polizei?!<\/p>\n<p>Welche Rollen spielen die NRW Staatskanzlei sowie die Ministerpr\u00e4sidentin des Landes Nordrhein Westfalen, Frau Hannelore Kraft in dieser Angelegenheit, wo die administrative Gewalt an einer l\u00fcckenlosen Aufkl\u00e4rung angesichts der Parole &#8222;Wir schaffen das&#8220; nicht besonders bem\u00fcht zu sein scheint,\u00a0 Dank freier Internetmedien hat der \u00f6ffentliche Druck massiv zugenommen.<\/p>\n<p>Zum Anderen \u00fcberzieht derzeit ein gnadenloser Vollstreckungsterror NRW wegen vermeintlich s\u00e4umiger Rundfunkgeb\u00fchren, wo unbescholtene B\u00fcrger mit erheblicher, krimineller Energie verfolgt und eingekerkert werden. Es ist dieselbe administrative Gewalt, die die Entfesselung von sexueller Gewalt eines Strassenmobs in der Sylvesternacht mit zu verantworten hat.<\/p>\n<p>In was f\u00fcr einem Land leben wir hier eigentlich? Wo B\u00fcrger zunehmend kriminalisiert werden, die sich Korruption und eine ruin\u00f6se Selbstbedienungsmentalit\u00e4t eines r\u00fccksichtslosen Politkl\u00fcngels nicht mehr gefallen lassen und die BRD f\u00fcr Gewaltt\u00e4ter aus niederen Beweggr\u00fcnden seit jeher ein Schlaraffenland ist. Die Verh\u00e4ltnism\u00e4ssigkeit der Staatsmacht erweist sich in NRW wieder als ein Irrenhaus der pers\u00f6nlichen Interessen und Zust\u00e4ndigkeiten.<\/p>\n<p>die erste Hilfe f\u00fcr Menschen in akuter Not aus B\u00fcrgerkriegsregionen wird aus ideologischer Verblendung ad absurdum gef\u00fchrt. Weil sich gew\u00e4hlte Volksvertreter ein Denkmal setzen wollen, wird auf administrative Anweisung das Asylrecht missbraucht und damit ist eine Zunahme an Fremdenfeindlichkeit vorprogrammiert! Es ist anzunehmen, dass wachsende Spannungen zur Destabilisierung der inneren Sicherheit von gewissen Strategen erw\u00fcnscht sind, die mit dem Westen sowieso noch mehrere Rechnungen offen haben;-)<\/p>\n<p>die \u00f6ffentlich-rechtliche Idiotenpresse leistet unter restriktiver, staatlicher Kontrolle letztendlich Beihilfe zu Straftaten, wo die \u00dcbergriffe in K\u00f6ln m.E. nur der Auftakt zu weiteren Serien sind, die durchaus verheerender werden k\u00f6nnen. Die NRW Ministerpr\u00e4sidentin scheint wohl aktuell eher die Deckung zu bevorzugen, bis sich die Lage wieder beruhigt hat?<\/p>\n<p>ich frage mich, was schlimmer ist? Eingeschleuste Banden mit erheblichem Gewaltpotential oder durchgeknallte Volksvertreter, die importierte Gewaltorgien zu verantworten haben, weil sich diese staatliche Arroganz bisher vor der Weltpresse euphorisch abfeiern l\u00e4sst.<\/p>\n<p>In der Bundesrepublik Deutschland w\u00e4chst die grassierende Armut weiter, Menschen in dieser Republik unabh\u00e4ngig ihrer Wurzeln, die sich wegen einer nimmerstten Energielobby Strom und Gas nicht mehr leisten k\u00f6nnen, Beitragszahler von GKVs, die aufgrund eines korrupten Gesundheitssystems mit Verlust an Leistungen weiter geschr\u00f6pft werden sowie kleine Unternehmen, die durch zunehmende Steuern &#8211; und Abgabenlasten ihre Wettbewerbsf\u00e4higkeiten einb\u00fcssen, m\u00f6gen die hohlen Durchhalteparolen der Bundeskanzlerin als blanken Hohn empfinden, angesichts der Massengrabscherei mit Vergewaltigung und Raub gegen meist junge Frauen in der Sylvesternacht zu K\u00f6ln entsteht hier ein weiterer N\u00e4hrboden f\u00fcr sozialen Sprengstoff, von dem Rattenf\u00e4nger jeglicher Coleur in diesen Tagen profitieren.<\/p>\n<p>die Zeit ist gekommen, gew\u00e4hlte Volksvertreter konsequent daran zu erinnern, wof\u00fcr sie ihren Amtseid geleistet haben, ein Meineid gegen die Verfassung der Bundesrepublik Deutschland ist jedenfalls kein Kavaliersdelikt, der weiterhin geduldet werden darf. Ich habe jedenfalls diesen abgehobenen Politkl\u00fcngel restlos satt, der uns permanent f\u00fcr dumm verkauft und selbst dumm genug ist, zum Spielball von Terroristen und Drahtzieher grosser Kaliber zu werden;-)<\/p>\n<p><span style=\"color: #ff0000;\"><strong><a style=\"color: #ff0000;\" href=\"http:\/\/www.welt.de\/politik\/deutschland\/article150733779\/Vorrangig-ging-es-den-Taetern-um-Sexualstraftaten.html\">ein Polizeibeamter nimmt kein Blatt mehr vor den Mund<\/a><\/strong><\/span><\/p>\n<p>Desinformation des <del>DDR<\/del> WDR Staatsfernsehens<\/p>\n<p><span style=\"color: #ff0000;\"><strong><a style=\"color: #ff0000;\" href=\"http:\/\/www.tagesspiegel.de\/medien\/umstrittene-aeusserung-einer-wdr-journalistin-ich-habe-an-der-stelle-unsinn-geredet\/12843706.html\">aktuelle Kamera im Auftrag des WDR<\/a><\/strong><\/span><\/p>\n<p><strong>Erg\u00e4nzung am 29.07.2016 bez\u00fcglich Merkel Rede zur aktuellen Lage der Nation:<br \/>\n<\/strong><\/p>\n<p>wer die deutsche Politik in den letzten Jahren aufmerksam verfolgt hat, kommt eigentlich zu dem n\u00fcchternen Ergebnis, dass selten Humanismus im Vordergrund steht, sondern elit\u00e4re Interessen umzusetzen sind. Ich werde jedenfalls den verdacht nicht mehr los, dass Frau Merkel sich ein Denkmal setzen wollte. Leider ist ideologische Verblendung h\u00e4ufig ein Tatmotiv, die letztendlich den sozialen Frieden in der Bundesrepublik Deutschland gef\u00e4hrdet, davon sind alle B\u00fcrger betroffen, um das Wort Deutsch zu vermeiden. F\u00fcr die fatale Innen &#8211; und Aussenpolitik ist frau Merkel nicht alleine verantwortlich.<\/p>\n","protected":false},"excerpt":{"rendered":"<p>die Metropole am Rhein wurde in der Sylvesternacht zum Tatort schwerer Krawalle und hat nun katapultartig die Welt\u00f6ffentlichkeit aufgeschreckt! Zuvor nie gekannte Ausschreitungen am K\u00f6lner Hauptbahnhof, wo hemmungslose, sexuelle N\u00f6tigung zum Jahreswechsel die aktuellen Schlagzeilen der allgemeinen Presse sind. Wegen des wachsenden Unmutes in der Bev\u00f6lkerung sah sich die Medien-Ikone<span class=\"more-button\"><a href=\"https:\/\/photoposter.de\/?p=2789\" class=\"more-link\">zum artikel -&gt;<span class=\"screen-reader-text\">Krawalle zum Jahreswechsel in K\u00f6ln!<\/span><\/a><\/a><\/p>\n","protected":false},"author":1,"featured_media":0,"comment_status":"open","ping_status":"open","sticky":false,"template":"","format":"standard","meta":{"footnotes":""},"categories":[82,4,87],"tags":[100,124,75],"class_list":["post-2789","post","type-post","status-publish","format-standard","hentry","category-korruption","category-magazin","category-recht","tag-gesellschaft","tag-koeln","tag-politik"],"_links":{"self":[{"href":"https:\/\/photoposter.de\/index.php?rest_route=\/wp\/v2\/posts\/2789","targetHints":{"allow":["GET"]}}],"collection":[{"href":"https:\/\/photoposter.de\/index.php?rest_route=\/wp\/v2\/posts"}],"about":[{"href":"https:\/\/photoposter.de\/index.php?rest_route=\/wp\/v2\/types\/post"}],"author":[{"embeddable":true,"href":"https:\/\/photoposter.de\/index.php?rest_route=\/wp\/v2\/users\/1"}],"replies":[{"embeddable":true,"href":"https:\/\/photoposter.de\/index.php?rest_route=%2Fwp%2Fv2%2Fcomments&post=2789"}],"version-history":[{"count":0,"href":"https:\/\/photoposter.de\/index.php?rest_route=\/wp\/v2\/posts\/2789\/revisions"}],"wp:attachment":[{"href":"https:\/\/photoposter.de\/index.php?rest_route=%2Fwp%2Fv2%2Fmedia&parent=2789"}],"wp:term":[{"taxonomy":"category","embeddable":true,"href":"https:\/\/photoposter.de\/index.php?rest_route=%2Fwp%2Fv2%2Fcategories&post=2789"},{"taxonomy":"post_tag","embeddable":true,"href":"https:\/\/photoposter.de\/index.php?rest_route=%2Fwp%2Fv2%2Ftags&post=2789"}],"curies":[{"name":"wp","href":"https:\/\/api.w.org\/{rel}","templated":true}]}}