{"id":3486,"date":"2017-06-12T19:01:43","date_gmt":"2017-06-12T19:01:43","guid":{"rendered":"http:\/\/photoposter.de\/?p=3486"},"modified":"2017-06-12T19:05:05","modified_gmt":"2017-06-12T19:05:05","slug":"wie-gerecht-ist-das-steuerrecht","status":"publish","type":"post","link":"https:\/\/photoposter.de\/?p=3486","title":{"rendered":"wie gerecht ist das Steuerrecht?"},"content":{"rendered":"<p><a href=\"http:\/\/photoposter.de\/wp-content\/uploads\/2017\/06\/steuern.jpg\"><img loading=\"lazy\" decoding=\"async\" class=\"alignleft size-medium wp-image-3491\" src=\"http:\/\/photoposter.de\/wp-content\/uploads\/2017\/06\/steuern-300x300.jpg\" alt=\"\" width=\"300\" height=\"300\" srcset=\"https:\/\/photoposter.de\/wp-content\/uploads\/2017\/06\/steuern-300x300.jpg 300w, https:\/\/photoposter.de\/wp-content\/uploads\/2017\/06\/steuern-150x150.jpg 150w, https:\/\/photoposter.de\/wp-content\/uploads\/2017\/06\/steuern.jpg 600w\" sizes=\"auto, (max-width: 300px) 100vw, 300px\" \/><\/a>Steuern und Abgaben sind wahrhaftig kein beliebtes Wahlkampfthema f\u00fcr die kommende Bundestagswahl 2017, wo Forderungen redegewandter Volksvertreter nach mehr Entlastungen und mehr sozialer Gerechtigkeit sich leider wie gewohnt als L\u00fcgenm\u00e4rchen entpuppen. Die permanent propagierte chronische Unterfinanzierung des Staates hinterl\u00e4sst einen faden Beigeschmack, wo immer mehr Mitb\u00fcrgerinnen und Mitb\u00fcrger das Vertrauen in den Rechtsstaat und insbesondere in eine intakte Steuerpolitik verlieren. Sicher, kein intaktes Rechts &#8211; und Verwaltungssystem kommt ohne angemessene Beteiligung der B\u00fcrger an den Kosten aus, Bildung, Sicherheit, Verkehr, Kommunen sowie Kriminalit\u00e4tsbek\u00e4mpfung w\u00fcrden sonst nicht existieren. Bei der gerechten Verteilung der Kosten scheiden sich jedoch die Geister. Dazu ein interessanter Ansatz einer auch meiner Meinung nach l\u00e4ngst notwendigen &#8222;Steuerrevolution&#8220;, wo ich allerdings die Meinung der Verfasser nicht uneingeschr\u00e4nkt teile.<\/p>\n<p><a href=\"http:\/\/www.mmnews.de\/index.php\/wirtschaft\/116714-die-steuerrevolution\"><strong>Forderungen nach einer Steuerrevolution &#8211; MMNEWS<\/strong><\/a><\/p>\n<p>meine Meinung dazu<\/p>\n<p>eine ausschliessliche Besteuerung auf Leistungsentnahme w\u00fcrde Verbrauchssteuern wie auch die Mehrwertsteuer exorbitant steigen lassen, was Produkte und Dienstleistungen f\u00fcr viele B\u00fcrger unbezahlbar machen und Marktteilnehmer hierzulande im internationalen Vergleich ins Abseits bef\u00f6rdern w\u00fcrde.<\/p>\n<p>das (bundes)deutsche Steuerrecht ist in der Tat zu einem \u00fcberb\u00fcrokratischen Kropf geworden, dass mittlerweile zu einem tr\u00e4gen, \u00fcberfettetem Dinosaurier verkommen ist. Man wird den Eindruck nicht mehr los, dass das aktuelle Steuersystem so ausgelegt ist, an dem solche Institutionen profitieren, die per Vertrag an der Melkmaschine des Souver\u00e4ns h\u00e4ngen und die Gier des Absaugens keine Grenzen mehr kennt. Ein sch\u00f6nes Modellbeispiel ist der Rundfunkbeitrag, der im Gegensatz zur fr\u00fcheren, GEZ-ger\u00e4teabh\u00e4ngigen Besteuerung zu einer ger\u00e4teunabh\u00e4ngigen Steuer f\u00fcr alle meldepflichtigen Haushalte geworden ist, wo die erhofften Mehreinnahmen zu einer noch h\u00f6heren Verschwendungsorgie der \u00d6ffentlich-Rechtlichen gef\u00fchrt haben. Letztendlich ist der Umgehungstatbestand zu einem Beitrag mit verordneter &#8222;Gegenleistung&#8220; strafbar und der Rundfunkbeitragsstaatsvertrag ein vergilbtes Kartenhaus, dass dem Einsturz geweiht ist. Das aktuelle Konstrukt zugunsten der \u00f6ffentlich-rechtlichen Medien, dass der Steuerexperte Dr. Kirchhof mit zu verantworten hat, erweist sich wie die k\u00fcrzlich vom Bundesverfassungsgericht gekippte Brennelementesteuer als volkswirtschaftlicher Unsinn, die der verfassungsgem\u00e4ssen Rechtsordnung zweifelsfrei zuwider l\u00e4uft.<\/p>\n<p>was Steuergerechtigkeit bedeutet, liegt imho im Auge des Betrachters bzw des jeweiligen Nutzniessers. Ein Rechtsstaat mit entwickelter \u00d6konomie kann nach meiner Einsch\u00e4tzung dennoch nicht auf die Besteuerung von erbrachten Leistungen verzichten, um die Balance der Steuerbelastungen f\u00fcr jeden B\u00fcrger zu gew\u00e4hrleisten. Was wir dringend ben\u00f6tigen, ist eine Entschlackung des verkrusteten Steuerrechts was sicherlich weniger Steuerbelastung f\u00fcr Alle zur Folge h\u00e4tte. Das bedeutet einen Abschied von massiver Steuerverschwendung und liebgewordener Pfr\u00fcnde, die nichts zum Mehrwert einer intakten \u00d6konomie beitragen. Ich denke, dass mit einer leistungsf\u00e4higen Steuerreform, die dem gesellschaftlichen sowie \u00f6konomischen Wandel gerecht wird, Investitionen und damit ein mehr an Jobs realer werden als die im Wahlkampfget\u00f6se immer wieder aufkeimenden Plattit\u00fcden, dass &#8222;Reiche&#8220; deutlich mehr zu besteuern sind um es den Armen zu geben. Die mit reisserischen Methoden gef\u00fchrte Umverteilungsdebatte offenbart wieder allzu deutlich die Realit\u00e4tsferne und Konzeptlosigkeit hochdotierter Volksvertreter.<\/p>\n<p>Das Ziel einer Regierungsadministration sollte eine f\u00fcr die hierzulande lebenden und arbeitenden Menschen eine vern\u00fcnftige Finanz &#8211; und Ausgabenpolitik sein, die moderate Steuers\u00e4tze f\u00fcr alle B\u00fcrger und Leistungserbringer zur Folge hat, wo sich letztendlich Steuer\/Kapitalflucht nicht mehr rechnet. Vielleicht hilft auch ein Blick auf das Steuer &#8211; und Abgabensystem f\u00fcr das kleine Nachbarland Schweiz,\u00a0 wo allerdings die Vergangenheit die abgew\u00e4hlte ehemalige rot-gr\u00fcne NRW Administration unangenehm einholen k\u00f6nnte.<\/p>\n<blockquote class=\"wp-embedded-content\" data-secret=\"cZbhH0T4pa\"><p><a href=\"https:\/\/photoposter.de\/?p=1804\">R\u00fcckblick &#8211; Der Steuer CD Streit mit der Schweiz!<\/a><\/p><\/blockquote>\n<p><iframe loading=\"lazy\" class=\"wp-embedded-content\" sandbox=\"allow-scripts\" security=\"restricted\" style=\"position: absolute; clip: rect(1px, 1px, 1px, 1px);\" title=\"&#8222;R\u00fcckblick &#8211; Der Steuer CD Streit mit der Schweiz!&#8220; &#8212; photoposter\u00ae.de\" src=\"https:\/\/photoposter.de\/?p=1804&#038;embed=true#?secret=7EYUXFudRf#?secret=cZbhH0T4pa\" data-secret=\"cZbhH0T4pa\" width=\"600\" height=\"338\" frameborder=\"0\" marginwidth=\"0\" marginheight=\"0\" scrolling=\"no\"><\/iframe><\/p>\n","protected":false},"excerpt":{"rendered":"<p>Steuern und Abgaben sind wahrhaftig kein beliebtes Wahlkampfthema f\u00fcr die kommende Bundestagswahl 2017, wo Forderungen redegewandter Volksvertreter nach mehr Entlastungen und mehr sozialer Gerechtigkeit sich leider wie gewohnt als L\u00fcgenm\u00e4rchen entpuppen. Die permanent propagierte chronische Unterfinanzierung des Staates hinterl\u00e4sst einen faden Beigeschmack, wo immer mehr Mitb\u00fcrgerinnen und Mitb\u00fcrger das Vertrauen<span class=\"more-button\"><a href=\"https:\/\/photoposter.de\/?p=3486\" class=\"more-link\">zum artikel -&gt;<span class=\"screen-reader-text\">wie gerecht ist das Steuerrecht?<\/span><\/a><\/a><\/p>\n","protected":false},"author":1,"featured_media":3491,"comment_status":"open","ping_status":"open","sticky":false,"template":"","format":"standard","meta":{"footnotes":""},"categories":[4,87],"tags":[100,75,138,74],"class_list":["post-3486","post","type-post","status-publish","format-standard","has-post-thumbnail","hentry","category-magazin","category-recht","tag-gesellschaft","tag-politik","tag-rundfunkbeitrag","tag-wirtschaft"],"_links":{"self":[{"href":"https:\/\/photoposter.de\/index.php?rest_route=\/wp\/v2\/posts\/3486","targetHints":{"allow":["GET"]}}],"collection":[{"href":"https:\/\/photoposter.de\/index.php?rest_route=\/wp\/v2\/posts"}],"about":[{"href":"https:\/\/photoposter.de\/index.php?rest_route=\/wp\/v2\/types\/post"}],"author":[{"embeddable":true,"href":"https:\/\/photoposter.de\/index.php?rest_route=\/wp\/v2\/users\/1"}],"replies":[{"embeddable":true,"href":"https:\/\/photoposter.de\/index.php?rest_route=%2Fwp%2Fv2%2Fcomments&post=3486"}],"version-history":[{"count":0,"href":"https:\/\/photoposter.de\/index.php?rest_route=\/wp\/v2\/posts\/3486\/revisions"}],"wp:featuredmedia":[{"embeddable":true,"href":"https:\/\/photoposter.de\/index.php?rest_route=\/wp\/v2\/media\/3491"}],"wp:attachment":[{"href":"https:\/\/photoposter.de\/index.php?rest_route=%2Fwp%2Fv2%2Fmedia&parent=3486"}],"wp:term":[{"taxonomy":"category","embeddable":true,"href":"https:\/\/photoposter.de\/index.php?rest_route=%2Fwp%2Fv2%2Fcategories&post=3486"},{"taxonomy":"post_tag","embeddable":true,"href":"https:\/\/photoposter.de\/index.php?rest_route=%2Fwp%2Fv2%2Ftags&post=3486"}],"curies":[{"name":"wp","href":"https:\/\/api.w.org\/{rel}","templated":true}]}}