{"id":3777,"date":"2017-12-23T06:36:39","date_gmt":"2017-12-23T06:36:39","guid":{"rendered":"http:\/\/photoposter.de\/?p=3777"},"modified":"2017-12-23T07:13:14","modified_gmt":"2017-12-23T07:13:14","slug":"cityscapes-of-cologne-no-2","status":"publish","type":"post","link":"https:\/\/photoposter.de\/?p=3777","title":{"rendered":"Cityscapes of Cologne No. 2"},"content":{"rendered":"<p><a href=\"http:\/\/photoposter.de\/wp-content\/uploads\/2017\/12\/deutz01.jpg\"><img loading=\"lazy\" decoding=\"async\" class=\"alignleft size-medium wp-image-3779\" src=\"http:\/\/photoposter.de\/wp-content\/uploads\/2017\/12\/deutz01-300x240.jpg\" alt=\"\" width=\"300\" height=\"240\" srcset=\"https:\/\/photoposter.de\/wp-content\/uploads\/2017\/12\/deutz01-300x240.jpg 300w, https:\/\/photoposter.de\/wp-content\/uploads\/2017\/12\/deutz01-768x614.jpg 768w, https:\/\/photoposter.de\/wp-content\/uploads\/2017\/12\/deutz01-1024x819.jpg 1024w, https:\/\/photoposter.de\/wp-content\/uploads\/2017\/12\/deutz01.jpg 1851w\" sizes=\"auto, (max-width: 300px) 100vw, 300px\" \/><\/a>Fortsetzung der Modell-Kulissen Serie, aus der sich mit einfachen Mitteln ebenso eine dekorative Kollektion f\u00fcr die ein oder andere freie Wand im Wohnraum herstellen l\u00e4sst. Mit rheinischen Stadtansichten w\u00fcnsche ich meinen Lesern ein stressfreies, entschleunigtes und friedvolles Weihnachtsfest.<\/p>\n<p>&nbsp;<\/p>\n<p>&nbsp;<\/p>\n<p><a href=\"http:\/\/photoposter.de\/wp-content\/uploads\/2017\/12\/messekoeln01.jpg\"><img loading=\"lazy\" decoding=\"async\" class=\"alignleft size-medium wp-image-3780\" src=\"http:\/\/photoposter.de\/wp-content\/uploads\/2017\/12\/messekoeln01-300x236.jpg\" alt=\"\" width=\"300\" height=\"236\" srcset=\"https:\/\/photoposter.de\/wp-content\/uploads\/2017\/12\/messekoeln01-300x236.jpg 300w, https:\/\/photoposter.de\/wp-content\/uploads\/2017\/12\/messekoeln01-768x605.jpg 768w, https:\/\/photoposter.de\/wp-content\/uploads\/2017\/12\/messekoeln01-1024x806.jpg 1024w, https:\/\/photoposter.de\/wp-content\/uploads\/2017\/12\/messekoeln01.jpg 1880w\" sizes=\"auto, (max-width: 300px) 100vw, 300px\" \/><\/a><\/p>\n<p>&nbsp;<\/p>\n<p>&nbsp;<\/p>\n<p>&nbsp;<\/p>\n<p>&nbsp;<\/p>\n<p>&nbsp;<\/p>\n<p><a href=\"http:\/\/photoposter.de\/wp-content\/uploads\/2017\/12\/koelnrhein.jpg\"><img loading=\"lazy\" decoding=\"async\" class=\"alignleft size-medium wp-image-3781\" src=\"http:\/\/photoposter.de\/wp-content\/uploads\/2017\/12\/koelnrhein-300x231.jpg\" alt=\"\" width=\"300\" height=\"231\" srcset=\"https:\/\/photoposter.de\/wp-content\/uploads\/2017\/12\/koelnrhein-300x231.jpg 300w, https:\/\/photoposter.de\/wp-content\/uploads\/2017\/12\/koelnrhein-768x593.jpg 768w, https:\/\/photoposter.de\/wp-content\/uploads\/2017\/12\/koelnrhein-1024x790.jpg 1024w, https:\/\/photoposter.de\/wp-content\/uploads\/2017\/12\/koelnrhein.jpg 1786w\" sizes=\"auto, (max-width: 300px) 100vw, 300px\" \/><\/a><\/p>\n<p>&nbsp;<\/p>\n<p>&nbsp;<\/p>\n<p>&nbsp;<\/p>\n<p>&nbsp;<\/p>\n<p>&nbsp;<\/p>\n<p><a href=\"http:\/\/photoposter.de\/wp-content\/uploads\/2017\/12\/hbfkoeln02.jpg\"><img loading=\"lazy\" decoding=\"async\" class=\"alignleft size-medium wp-image-3782\" src=\"http:\/\/photoposter.de\/wp-content\/uploads\/2017\/12\/hbfkoeln02-300x211.jpg\" alt=\"\" width=\"300\" height=\"211\" srcset=\"https:\/\/photoposter.de\/wp-content\/uploads\/2017\/12\/hbfkoeln02-300x211.jpg 300w, https:\/\/photoposter.de\/wp-content\/uploads\/2017\/12\/hbfkoeln02-768x541.jpg 768w, https:\/\/photoposter.de\/wp-content\/uploads\/2017\/12\/hbfkoeln02-1024x721.jpg 1024w, https:\/\/photoposter.de\/wp-content\/uploads\/2017\/12\/hbfkoeln02.jpg 1852w\" sizes=\"auto, (max-width: 300px) 100vw, 300px\" \/><\/a><\/p>\n<p>&nbsp;<\/p>\n<p>&nbsp;<\/p>\n<p>&nbsp;<\/p>\n<p>&nbsp;<\/p>\n<p><a href=\"http:\/\/photoposter.de\/wp-content\/uploads\/2017\/12\/rheinindustrie07.jpg\"><img loading=\"lazy\" decoding=\"async\" class=\"alignleft size-medium wp-image-3783\" src=\"http:\/\/photoposter.de\/wp-content\/uploads\/2017\/12\/rheinindustrie07-300x236.jpg\" alt=\"\" width=\"300\" height=\"236\" srcset=\"https:\/\/photoposter.de\/wp-content\/uploads\/2017\/12\/rheinindustrie07-300x236.jpg 300w, https:\/\/photoposter.de\/wp-content\/uploads\/2017\/12\/rheinindustrie07-768x605.jpg 768w, https:\/\/photoposter.de\/wp-content\/uploads\/2017\/12\/rheinindustrie07-1024x806.jpg 1024w, https:\/\/photoposter.de\/wp-content\/uploads\/2017\/12\/rheinindustrie07.jpg 1880w\" sizes=\"auto, (max-width: 300px) 100vw, 300px\" \/><\/a><\/p>\n<p>&nbsp;<\/p>\n<p>&nbsp;<\/p>\n<p>&nbsp;<\/p>\n<p>&nbsp;<\/p>\n<p>&nbsp;<\/p>\n<p><a href=\"http:\/\/photoposter.de\/wp-content\/uploads\/2017\/12\/suedbruecke.jpg\"><img loading=\"lazy\" decoding=\"async\" class=\"alignleft size-medium wp-image-3784\" src=\"http:\/\/photoposter.de\/wp-content\/uploads\/2017\/12\/suedbruecke-300x175.jpg\" alt=\"\" width=\"300\" height=\"175\" srcset=\"https:\/\/photoposter.de\/wp-content\/uploads\/2017\/12\/suedbruecke-300x175.jpg 300w, https:\/\/photoposter.de\/wp-content\/uploads\/2017\/12\/suedbruecke-768x449.jpg 768w, https:\/\/photoposter.de\/wp-content\/uploads\/2017\/12\/suedbruecke-1024x598.jpg 1024w, https:\/\/photoposter.de\/wp-content\/uploads\/2017\/12\/suedbruecke.jpg 1884w\" sizes=\"auto, (max-width: 300px) 100vw, 300px\" \/><\/a><\/p>\n<p>&nbsp;<\/p>\n<p>&nbsp;<\/p>\n<p>&nbsp;<\/p>\n<p>&nbsp;<\/p>\n","protected":false},"excerpt":{"rendered":"<p>Fortsetzung der Modell-Kulissen Serie, aus der sich mit einfachen Mitteln ebenso eine dekorative Kollektion f\u00fcr die ein oder andere freie Wand im Wohnraum herstellen l\u00e4sst. Mit rheinischen Stadtansichten w\u00fcnsche ich meinen Lesern ein stressfreies, entschleunigtes und friedvolles Weihnachtsfest. &nbsp; &nbsp; &nbsp; &nbsp; &nbsp; &nbsp; &nbsp; &nbsp; &nbsp; &nbsp; &nbsp; &nbsp;<span class=\"more-button\"><a href=\"https:\/\/photoposter.de\/?p=3777\" class=\"more-link\">zum artikel -&gt;<span class=\"screen-reader-text\">Cityscapes of Cologne No. 2<\/span><\/a><\/a><\/p>\n","protected":false},"author":1,"featured_media":3780,"comment_status":"open","ping_status":"open","sticky":false,"template":"","format":"standard","meta":{"footnotes":""},"categories":[141,4,91],"tags":[43,25,40],"class_list":["post-3777","post","type-post","status-publish","format-standard","has-post-thumbnail","hentry","category-kulissen","category-magazin","category-visitenkarten","tag-fotokunst","tag-galerie","tag-stadtkulissen"],"_links":{"self":[{"href":"https:\/\/photoposter.de\/index.php?rest_route=\/wp\/v2\/posts\/3777","targetHints":{"allow":["GET"]}}],"collection":[{"href":"https:\/\/photoposter.de\/index.php?rest_route=\/wp\/v2\/posts"}],"about":[{"href":"https:\/\/photoposter.de\/index.php?rest_route=\/wp\/v2\/types\/post"}],"author":[{"embeddable":true,"href":"https:\/\/photoposter.de\/index.php?rest_route=\/wp\/v2\/users\/1"}],"replies":[{"embeddable":true,"href":"https:\/\/photoposter.de\/index.php?rest_route=%2Fwp%2Fv2%2Fcomments&post=3777"}],"version-history":[{"count":0,"href":"https:\/\/photoposter.de\/index.php?rest_route=\/wp\/v2\/posts\/3777\/revisions"}],"wp:featuredmedia":[{"embeddable":true,"href":"https:\/\/photoposter.de\/index.php?rest_route=\/wp\/v2\/media\/3780"}],"wp:attachment":[{"href":"https:\/\/photoposter.de\/index.php?rest_route=%2Fwp%2Fv2%2Fmedia&parent=3777"}],"wp:term":[{"taxonomy":"category","embeddable":true,"href":"https:\/\/photoposter.de\/index.php?rest_route=%2Fwp%2Fv2%2Fcategories&post=3777"},{"taxonomy":"post_tag","embeddable":true,"href":"https:\/\/photoposter.de\/index.php?rest_route=%2Fwp%2Fv2%2Ftags&post=3777"}],"curies":[{"name":"wp","href":"https:\/\/api.w.org\/{rel}","templated":true}]}}