{"id":3868,"date":"2018-02-01T19:40:08","date_gmt":"2018-02-01T19:40:08","guid":{"rendered":"http:\/\/photoposter.de\/?p=3868"},"modified":"2019-03-25T20:31:33","modified_gmt":"2019-03-25T20:31:33","slug":"press-release-photokina-reloaded","status":"publish","type":"post","link":"https:\/\/photoposter.de\/?p=3868","title":{"rendered":"photokina reloaded"},"content":{"rendered":"<p><strong><a href=\"http:\/\/photoposter.de\/wp-content\/uploads\/2018\/01\/olympusmesse.jpg\"><img loading=\"lazy\" decoding=\"async\" class=\"alignleft size-medium wp-image-3870\" src=\"http:\/\/photoposter.de\/wp-content\/uploads\/2018\/01\/olympusmesse-300x287.jpg\" alt=\"\" width=\"300\" height=\"287\" srcset=\"https:\/\/photoposter.de\/wp-content\/uploads\/2018\/01\/olympusmesse-300x287.jpg 300w, https:\/\/photoposter.de\/wp-content\/uploads\/2018\/01\/olympusmesse-768x735.jpg 768w, https:\/\/photoposter.de\/wp-content\/uploads\/2018\/01\/olympusmesse-315x300.jpg 315w, https:\/\/photoposter.de\/wp-content\/uploads\/2018\/01\/olympusmesse.jpg 897w\" sizes=\"auto, (max-width: 300px) 100vw, 300px\" \/><\/a>Die Leitmesse f\u00fcr Digital Imaging \u00f6ffnet in diesem Jahr wieder ihre Pforten, neu ist die Terminierung, denn die photokina findet jetzt j\u00e4hrlich statt. Die Messeleitung begr\u00fcndet die Abfolge mit immer k\u00fcrzer werdenden Innovationszyklen und hybriden Entwicklungen im Fotomarkt. Markts\u00e4ttigungseffekte sind in der Fotobranche allgegenw\u00e4rtig, dennoch sind teilweise hohe Preissteigerungen von Hardware und Equipment festzustellen, vielleicht auch einer volatilen Preispolitik geschuldet, um stagnierende bis sinkende Ums\u00e4tze zu kompensieren. F\u00fcr ein verspieltes Messeerlebnis ist der japanische Hersteller Olympus Digital mit im Boot. Die Erlebniswelt &#8211; Perspective Playground &#8211; findet nun auf dem K\u00f6lner Messegel\u00e4nde statt, somit bleiben dem Besucher allzu weite Wege erspart. Interessant ist noch die Frage, wie Nikon und weitere potente Marken mit dem &#8222;integrierten Spielplatz&#8220; des Mitbewerbers Olympus umgehen werden. Die photokina 2018 startet ab 26. September und endet am 29. September. Termin f\u00fcr die photokina 2019 ist der 08. bis 11. Mai, damit steigt auch die Chance auf Open Air Feeling bei angenehmen Temperaturen.<\/strong><\/p>\n<hr \/>\n<p><a href=\"http:\/\/photoposter.de\/wp-content\/uploads\/2018\/02\/schokokamera.jpg\"><img loading=\"lazy\" decoding=\"async\" class=\"alignleft size-medium wp-image-3879\" src=\"http:\/\/photoposter.de\/wp-content\/uploads\/2018\/02\/schokokamera-300x279.jpg\" alt=\"\" width=\"300\" height=\"279\" srcset=\"https:\/\/photoposter.de\/wp-content\/uploads\/2018\/02\/schokokamera-300x279.jpg 300w, https:\/\/photoposter.de\/wp-content\/uploads\/2018\/02\/schokokamera-768x714.jpg 768w, https:\/\/photoposter.de\/wp-content\/uploads\/2018\/02\/schokokamera.jpg 993w\" sizes=\"auto, (max-width: 300px) 100vw, 300px\" \/><\/a><\/p>\n<p>&nbsp;<\/p>\n<p>&nbsp;<\/p>\n<p>&nbsp;<\/p>\n<p>&nbsp;<\/p>\n<p>&nbsp;<\/p>\n<p>&nbsp;<\/p>\n<p><a href=\"http:\/\/photoposter.de\/wp-content\/uploads\/2018\/02\/pocketcam01.jpg\"><img loading=\"lazy\" decoding=\"async\" class=\"alignleft size-medium wp-image-3878\" src=\"http:\/\/photoposter.de\/wp-content\/uploads\/2018\/02\/pocketcam01-300x291.jpg\" alt=\"\" width=\"300\" height=\"291\" srcset=\"https:\/\/photoposter.de\/wp-content\/uploads\/2018\/02\/pocketcam01-300x291.jpg 300w, https:\/\/photoposter.de\/wp-content\/uploads\/2018\/02\/pocketcam01-768x745.jpg 768w, https:\/\/photoposter.de\/wp-content\/uploads\/2018\/02\/pocketcam01.jpg 987w\" sizes=\"auto, (max-width: 300px) 100vw, 300px\" \/><\/a><\/p>\n<p>&nbsp;<\/p>\n<p>&nbsp;<\/p>\n<p>&nbsp;<\/p>\n<p>&nbsp;<\/p>\n<p>&nbsp;<\/p>\n<p>&nbsp;<\/p>\n<p><a href=\"http:\/\/photoposter.de\/wp-content\/uploads\/2018\/02\/king-best.jpg\"><img loading=\"lazy\" decoding=\"async\" class=\"alignleft size-medium wp-image-3877\" src=\"http:\/\/photoposter.de\/wp-content\/uploads\/2018\/02\/king-best-300x219.jpg\" alt=\"\" width=\"300\" height=\"219\" srcset=\"https:\/\/photoposter.de\/wp-content\/uploads\/2018\/02\/king-best-300x219.jpg 300w, https:\/\/photoposter.de\/wp-content\/uploads\/2018\/02\/king-best-768x559.jpg 768w, https:\/\/photoposter.de\/wp-content\/uploads\/2018\/02\/king-best-1024x746.jpg 1024w\" sizes=\"auto, (max-width: 300px) 100vw, 300px\" \/><\/a><\/p>\n","protected":false},"excerpt":{"rendered":"<p>Die Leitmesse f\u00fcr Digital Imaging \u00f6ffnet in diesem Jahr wieder ihre Pforten, neu ist die Terminierung, denn die photokina findet jetzt j\u00e4hrlich statt. Die Messeleitung begr\u00fcndet die Abfolge mit immer k\u00fcrzer werdenden Innovationszyklen und hybriden Entwicklungen im Fotomarkt. Markts\u00e4ttigungseffekte sind in der Fotobranche allgegenw\u00e4rtig, dennoch sind teilweise hohe Preissteigerungen von<span class=\"more-button\"><a href=\"https:\/\/photoposter.de\/?p=3868\" class=\"more-link\">zum artikel -&gt;<span class=\"screen-reader-text\">photokina reloaded<\/span><\/a><\/a><\/p>\n","protected":false},"author":1,"featured_media":3870,"comment_status":"open","ping_status":"open","sticky":false,"template":"","format":"standard","meta":{"footnotes":""},"categories":[4,38,46],"tags":[27,41],"class_list":["post-3868","post","type-post","status-publish","format-standard","has-post-thumbnail","hentry","category-magazin","category-termine","category-trends","tag-digitalkamera","tag-fotografie"],"_links":{"self":[{"href":"https:\/\/photoposter.de\/index.php?rest_route=\/wp\/v2\/posts\/3868","targetHints":{"allow":["GET"]}}],"collection":[{"href":"https:\/\/photoposter.de\/index.php?rest_route=\/wp\/v2\/posts"}],"about":[{"href":"https:\/\/photoposter.de\/index.php?rest_route=\/wp\/v2\/types\/post"}],"author":[{"embeddable":true,"href":"https:\/\/photoposter.de\/index.php?rest_route=\/wp\/v2\/users\/1"}],"replies":[{"embeddable":true,"href":"https:\/\/photoposter.de\/index.php?rest_route=%2Fwp%2Fv2%2Fcomments&post=3868"}],"version-history":[{"count":0,"href":"https:\/\/photoposter.de\/index.php?rest_route=\/wp\/v2\/posts\/3868\/revisions"}],"wp:featuredmedia":[{"embeddable":true,"href":"https:\/\/photoposter.de\/index.php?rest_route=\/wp\/v2\/media\/3870"}],"wp:attachment":[{"href":"https:\/\/photoposter.de\/index.php?rest_route=%2Fwp%2Fv2%2Fmedia&parent=3868"}],"wp:term":[{"taxonomy":"category","embeddable":true,"href":"https:\/\/photoposter.de\/index.php?rest_route=%2Fwp%2Fv2%2Fcategories&post=3868"},{"taxonomy":"post_tag","embeddable":true,"href":"https:\/\/photoposter.de\/index.php?rest_route=%2Fwp%2Fv2%2Ftags&post=3868"}],"curies":[{"name":"wp","href":"https:\/\/api.w.org\/{rel}","templated":true}]}}